{"id":9928,"date":"2026-04-27T12:47:52","date_gmt":"2026-04-27T12:47:52","guid":{"rendered":"https:\/\/laprimicianoticias.com\/?p=9928"},"modified":"2026-04-27T12:47:53","modified_gmt":"2026-04-27T12:47:53","slug":"el-tomasino-ivan-fontalvo-lanzo-segunda-edicion-de-su-novela-la-gran-obra-en-la-filbo","status":"publish","type":"post","link":"https:\/\/laprimicianoticias.com\/index.php\/2026\/04\/27\/el-tomasino-ivan-fontalvo-lanzo-segunda-edicion-de-su-novela-la-gran-obra-en-la-filbo\/","title":{"rendered":"El tomasino Iv\u00e1n Fontalvo lanz\u00f3 segunda edici\u00f3n de su novela &#8220;La Gran Obra&#8221; en la FILBO"},"content":{"rendered":"\n<p>En el marco de la Feria Internacional del Libro Filbo 2026, la literatura caribe\u00f1a volvi\u00f3 a brillar con el lanzamiento de la segunda edici\u00f3n de la novela La gran obra del escritor tomasino Iv\u00e1n Dar\u00edo Fontalvo De la Cerda con cuya obra gan\u00f3 el premio internacional de novela Jos\u00e9 Maria Herazo&#8221;<\/p>\n\n\n\n<p>El evento, realizado en Corferias en la tarde del domingo de la ciudad de Bogot\u00e1 cont\u00f3 con la presentaci\u00f3n del reconocido autor John Jairo Junieles, quien gui\u00f3 una charla amena y cercana sobre el universo narrativo de Fontalvo.<\/p>\n\n\n\n<p>La conversaci\u00f3n recorri\u00f3 las claves de esta nueva edici\u00f3n, los matices que el autor quiso profundizar y la vigencia de su propuesta literaria.<\/p>\n\n\n\n<p>Lectores, amigos y colegas acompa\u00f1aron a Iv\u00e1n en este reencuentro con su libro, consolidando a La gran obra como una pieza fundamental de su trayectoria. La FILBO se convirti\u00f3 as\u00ed en el escenario ideal para celebrar la palabra, la amistad y el oficio de escribir, reafirmando el lugar de Fontalvo en la narrativa contempor\u00e1nea del Caribe colombiano.<\/p>\n\n\n\n<figure class=\"wp-block-gallery has-nested-images columns-default is-cropped wp-block-gallery-1 is-layout-flex wp-block-gallery-is-layout-flex\">\n<figure class=\"wp-block-image size-large\"><img loading=\"lazy\" decoding=\"async\" width=\"1024\" height=\"688\" data-id=\"9929\" src=\"https:\/\/laprimicianoticias.com\/wp-content\/uploads\/2026\/04\/1002424526-1024x688.jpg\" alt=\"\" class=\"wp-image-9929\" srcset=\"https:\/\/laprimicianoticias.com\/wp-content\/uploads\/2026\/04\/1002424526-1024x688.jpg 1024w, https:\/\/laprimicianoticias.com\/wp-content\/uploads\/2026\/04\/1002424526-300x202.jpg 300w, https:\/\/laprimicianoticias.com\/wp-content\/uploads\/2026\/04\/1002424526-768x516.jpg 768w, https:\/\/laprimicianoticias.com\/wp-content\/uploads\/2026\/04\/1002424526.jpg 1051w\" sizes=\"auto, (max-width: 1024px) 100vw, 1024px\" \/><\/figure>\n<\/figure>\n","protected":false},"excerpt":{"rendered":"<p>En el marco de la Feria Internacional del Libro Filbo 2026, la literatura caribe\u00f1a volvi\u00f3&#8230;<\/p>\n","protected":false},"author":1,"featured_media":9930,"comment_status":"open","ping_status":"open","sticky":false,"template":"","format":"standard","meta":{"_monsterinsights_skip_tracking":false,"_monsterinsights_sitenote_active":false,"_monsterinsights_sitenote_note":"","_monsterinsights_sitenote_category":0,"footnotes":""},"categories":[32,24],"tags":[],"class_list":["post-9928","post","type-post","status-publish","format-standard","has-post-thumbnail","hentry","category-primicia","category-santo-tomas"],"featured_image_urls":{"full":["https:\/\/laprimicianoticias.com\/wp-content\/uploads\/2026\/04\/FB_IMG_1777293303534.jpg",451,395,false],"thumbnail":["https:\/\/laprimicianoticias.com\/wp-content\/uploads\/2026\/04\/FB_IMG_1777293303534-150x150.jpg",150,150,true],"medium":["https:\/\/laprimicianoticias.com\/wp-content\/uploads\/2026\/04\/FB_IMG_1777293303534-300x263.jpg",300,263,true],"medium_large":["https:\/\/laprimicianoticias.com\/wp-content\/uploads\/2026\/04\/FB_IMG_1777293303534.jpg",451,395,false],"large":["https:\/\/laprimicianoticias.com\/wp-content\/uploads\/2026\/04\/FB_IMG_1777293303534.jpg",451,395,false],"1536x1536":["https:\/\/laprimicianoticias.com\/wp-content\/uploads\/2026\/04\/FB_IMG_1777293303534.jpg",451,395,false],"2048x2048":["https:\/\/laprimicianoticias.com\/wp-content\/uploads\/2026\/04\/FB_IMG_1777293303534.jpg",451,395,false],"newsever-slider-full":["https:\/\/laprimicianoticias.com\/wp-content\/uploads\/2026\/04\/FB_IMG_1777293303534.jpg",451,395,false],"newsever-featured":["https:\/\/laprimicianoticias.com\/wp-content\/uploads\/2026\/04\/FB_IMG_1777293303534.jpg",451,395,false],"newsever-medium":["https:\/\/laprimicianoticias.com\/wp-content\/uploads\/2026\/04\/FB_IMG_1777293303534.jpg",451,395,false]},"author_info":{"info":["Noticias La Primicia"]},"category_info":"<a href=\"https:\/\/laprimicianoticias.com\/index.php\/category\/primicia\/\" rel=\"category tag\">Primicia<\/a> <a href=\"https:\/\/laprimicianoticias.com\/index.php\/category\/santo-tomas\/\" rel=\"category tag\">Santo Tom\u00e1s<\/a>","tag_info":"Santo Tom\u00e1s","comment_count":"0","_links":{"self":[{"href":"https:\/\/laprimicianoticias.com\/index.php\/wp-json\/wp\/v2\/posts\/9928","targetHints":{"allow":["GET"]}}],"collection":[{"href":"https:\/\/laprimicianoticias.com\/index.php\/wp-json\/wp\/v2\/posts"}],"about":[{"href":"https:\/\/laprimicianoticias.com\/index.php\/wp-json\/wp\/v2\/types\/post"}],"author":[{"embeddable":true,"href":"https:\/\/laprimicianoticias.com\/index.php\/wp-json\/wp\/v2\/users\/1"}],"replies":[{"embeddable":true,"href":"https:\/\/laprimicianoticias.com\/index.php\/wp-json\/wp\/v2\/comments?post=9928"}],"version-history":[{"count":1,"href":"https:\/\/laprimicianoticias.com\/index.php\/wp-json\/wp\/v2\/posts\/9928\/revisions"}],"predecessor-version":[{"id":9931,"href":"https:\/\/laprimicianoticias.com\/index.php\/wp-json\/wp\/v2\/posts\/9928\/revisions\/9931"}],"wp:featuredmedia":[{"embeddable":true,"href":"https:\/\/laprimicianoticias.com\/index.php\/wp-json\/wp\/v2\/media\/9930"}],"wp:attachment":[{"href":"https:\/\/laprimicianoticias.com\/index.php\/wp-json\/wp\/v2\/media?parent=9928"}],"wp:term":[{"taxonomy":"category","embeddable":true,"href":"https:\/\/laprimicianoticias.com\/index.php\/wp-json\/wp\/v2\/categories?post=9928"},{"taxonomy":"post_tag","embeddable":true,"href":"https:\/\/laprimicianoticias.com\/index.php\/wp-json\/wp\/v2\/tags?post=9928"}],"curies":[{"name":"wp","href":"https:\/\/api.w.org\/{rel}","templated":true}]}}