{"id":9919,"date":"2026-04-27T11:36:58","date_gmt":"2026-04-27T11:36:58","guid":{"rendered":"https:\/\/laprimicianoticias.com\/?p=9919"},"modified":"2026-04-27T11:37:00","modified_gmt":"2026-04-27T11:37:00","slug":"gobernacion-del-atlantico-puso-en-servicio-moderno-complejo-deportivo-en-sabanagrande","status":"publish","type":"post","link":"https:\/\/laprimicianoticias.com\/index.php\/2026\/04\/27\/gobernacion-del-atlantico-puso-en-servicio-moderno-complejo-deportivo-en-sabanagrande\/","title":{"rendered":"Gobernaci\u00f3n del Atl\u00e1ntico puso en servicio moderno complejo deportivo en Sabanagrande"},"content":{"rendered":"\n<p>Los 22 j\u00f3venes jugadores de los equipos de Sabanagrande y Palmar de Varela, en disputa de la Gran Final Departamental \u2013 Golea Atl\u00e1ntico Sub-17, tuvieron el privilegio de estrenarse la moderna cancha de f\u00fatbol del reconstruido Parque Estadio de Sabanagrande, complejo deportivo oficialmente puesto en servicio por el gobernador Eduardo Verano.<\/p>\n\n\n\n<p>En medio de una fiesta deportiva vivida en la tarde de este 25 de abril, el gobernador Verano recibido por ni\u00f1os de escuelas deportivas y acompa\u00f1ado por el alcalde de Sabanagrande, Darwin Rosales Mora, el gerente de Plazas y Parques, Jorge \u00c1vila; el director de Indeportes, Iv\u00e1n Urquijo; el secretario general de la Gobernaci\u00f3n, Pedro Lemus, diputados, concejales, dirigentes deportivos, deportistas, voceros c\u00edvicos de las comunidades, cort\u00f3 la cinta en el acto de entrega del escenario.<\/p>\n\n\n\n<figure class=\"wp-block-image size-large\"><img loading=\"lazy\" decoding=\"async\" width=\"1024\" height=\"683\" src=\"https:\/\/laprimicianoticias.com\/wp-content\/uploads\/2026\/04\/1002424262-1024x683.jpg\" alt=\"\" class=\"wp-image-9920\" srcset=\"https:\/\/laprimicianoticias.com\/wp-content\/uploads\/2026\/04\/1002424262-1024x683.jpg 1024w, https:\/\/laprimicianoticias.com\/wp-content\/uploads\/2026\/04\/1002424262-300x200.jpg 300w, https:\/\/laprimicianoticias.com\/wp-content\/uploads\/2026\/04\/1002424262-768x512.jpg 768w, https:\/\/laprimicianoticias.com\/wp-content\/uploads\/2026\/04\/1002424262-1536x1024.jpg 1536w, https:\/\/laprimicianoticias.com\/wp-content\/uploads\/2026\/04\/1002424262-2048x1365.jpg 2048w\" sizes=\"auto, (max-width: 1024px) 100vw, 1024px\" \/><\/figure>\n\n\n\n<p>En su intervenci\u00f3n exalt\u00f3 el impacto de esa importante obra que apunta a fortalecer, no solo el deporte en la Subregi\u00f3n Oriental del departamento, sino la recreaci\u00f3n, la convivencia y el encuentro de las familias, gracias a la inversi\u00f3n proveniente de los ingresos de la tasa de seguridad ciudadana.<\/p>\n\n\n\n<p>\u201cHoy entregamos a Sabanagrande un Parque Estadio completamente renovado, pensado para el deporte, la recreaci\u00f3n, la convivencia y el encuentro de las familias. Esta obra demuestra que los recursos de la tasa de seguridad tambi\u00e9n se traducen en bienestar, oportunidades y espacios dignos para nuestras comunidades\u201d, precis\u00f3 el mandatario.<\/p>\n\n\n\n<p>Agreg\u00f3 que m\u00e1s que infraestructura deportiva, este escenario representa una apuesta por la salud, la integraci\u00f3n social y el fortalecimiento del talento de los j\u00f3venes del departamento.<\/p>\n\n\n\n<p>\u201cUn ni\u00f1o que pisa una cancha, que tenga un compromiso con un equipo, que tenga que venir a practicar, es un ni\u00f1o que modifica, sustancialmente, su modo de vida, su manera de comer, su responsabilidad en el colegio, su responsabilidad en la familia, lo hace m\u00e1s ciudadano, el deporte te ayuda a una disciplina especial\u201d, indic\u00f3.<\/p>\n\n\n\n<p>El alcalde Rosales no ocult\u00f3 su satisfacci\u00f3n por la obra entregada a los sabanagranderos y agradeci\u00f3 al mandatario de los atlanticenses el apoyo recibido de parte de su gobierno.<\/p>\n\n\n\n<p>El complejo, construido en un \u00e1rea de 20.000 metros cuadrados, ofrece a la comunidad una cancha de f\u00fatbol con especificaciones FIFA, igual a la del Estadio Metropolitano de Barranquilla y la de la sede de la Federaci\u00f3n Colombiana de Futbol, en el sector de Alameda del R\u00edo, cerramiento perimetral, moderna iluminaci\u00f3n y sistema de riego, lo que lo posiciona como sede potencial de torneos departamentales y nacionales. Garantiza un aforo en grader\u00edas para 1.000 personas.<\/p>\n\n\n\n<p><\/p>\n","protected":false},"excerpt":{"rendered":"<p>Los 22 j\u00f3venes jugadores de los equipos de Sabanagrande y Palmar de Varela, en disputa&#8230;<\/p>\n","protected":false},"author":1,"featured_media":9921,"comment_status":"open","ping_status":"open","sticky":false,"template":"","format":"standard","meta":{"_monsterinsights_skip_tracking":false,"_monsterinsights_sitenote_active":false,"_monsterinsights_sitenote_note":"","_monsterinsights_sitenote_category":0,"footnotes":""},"categories":[25],"tags":[],"class_list":["post-9919","post","type-post","status-publish","format-standard","has-post-thumbnail","hentry","category-atlantico"],"featured_image_urls":{"full":["https:\/\/laprimicianoticias.com\/wp-content\/uploads\/2026\/04\/IMG-20260426-WA0015-scaled.jpg",2560,1707,false],"thumbnail":["https:\/\/laprimicianoticias.com\/wp-content\/uploads\/2026\/04\/IMG-20260426-WA0015-150x150.jpg",150,150,true],"medium":["https:\/\/laprimicianoticias.com\/wp-content\/uploads\/2026\/04\/IMG-20260426-WA0015-300x200.jpg",300,200,true],"medium_large":["https:\/\/laprimicianoticias.com\/wp-content\/uploads\/2026\/04\/IMG-20260426-WA0015-768x512.jpg",640,427,true],"large":["https:\/\/laprimicianoticias.com\/wp-content\/uploads\/2026\/04\/IMG-20260426-WA0015-1024x683.jpg",640,427,true],"1536x1536":["https:\/\/laprimicianoticias.com\/wp-content\/uploads\/2026\/04\/IMG-20260426-WA0015-1536x1024.jpg",1536,1024,true],"2048x2048":["https:\/\/laprimicianoticias.com\/wp-content\/uploads\/2026\/04\/IMG-20260426-WA0015-2048x1365.jpg",2048,1365,true],"newsever-slider-full":["https:\/\/laprimicianoticias.com\/wp-content\/uploads\/2026\/04\/IMG-20260426-WA0015-1280x845.jpg",1280,845,true],"newsever-featured":["https:\/\/laprimicianoticias.com\/wp-content\/uploads\/2026\/04\/IMG-20260426-WA0015-1024x683.jpg",1024,683,true],"newsever-medium":["https:\/\/laprimicianoticias.com\/wp-content\/uploads\/2026\/04\/IMG-20260426-WA0015-720x475.jpg",720,475,true]},"author_info":{"info":["Noticias La Primicia"]},"category_info":"<a href=\"https:\/\/laprimicianoticias.com\/index.php\/category\/atlantico\/\" rel=\"category tag\">Atl\u00e1ntico<\/a>","tag_info":"Atl\u00e1ntico","comment_count":"0","_links":{"self":[{"href":"https:\/\/laprimicianoticias.com\/index.php\/wp-json\/wp\/v2\/posts\/9919","targetHints":{"allow":["GET"]}}],"collection":[{"href":"https:\/\/laprimicianoticias.com\/index.php\/wp-json\/wp\/v2\/posts"}],"about":[{"href":"https:\/\/laprimicianoticias.com\/index.php\/wp-json\/wp\/v2\/types\/post"}],"author":[{"embeddable":true,"href":"https:\/\/laprimicianoticias.com\/index.php\/wp-json\/wp\/v2\/users\/1"}],"replies":[{"embeddable":true,"href":"https:\/\/laprimicianoticias.com\/index.php\/wp-json\/wp\/v2\/comments?post=9919"}],"version-history":[{"count":1,"href":"https:\/\/laprimicianoticias.com\/index.php\/wp-json\/wp\/v2\/posts\/9919\/revisions"}],"predecessor-version":[{"id":9922,"href":"https:\/\/laprimicianoticias.com\/index.php\/wp-json\/wp\/v2\/posts\/9919\/revisions\/9922"}],"wp:featuredmedia":[{"embeddable":true,"href":"https:\/\/laprimicianoticias.com\/index.php\/wp-json\/wp\/v2\/media\/9921"}],"wp:attachment":[{"href":"https:\/\/laprimicianoticias.com\/index.php\/wp-json\/wp\/v2\/media?parent=9919"}],"wp:term":[{"taxonomy":"category","embeddable":true,"href":"https:\/\/laprimicianoticias.com\/index.php\/wp-json\/wp\/v2\/categories?post=9919"},{"taxonomy":"post_tag","embeddable":true,"href":"https:\/\/laprimicianoticias.com\/index.php\/wp-json\/wp\/v2\/tags?post=9919"}],"curies":[{"name":"wp","href":"https:\/\/api.w.org\/{rel}","templated":true}]}}