{"id":10249,"date":"2026-09-01T19:32:39","date_gmt":"2026-09-01T19:32:39","guid":{"rendered":"https:\/\/laprimicianoticias.com\/?p=10249"},"modified":"2026-09-01T19:32:40","modified_gmt":"2026-09-01T19:32:40","slug":"atlantico-consolida-historico-plan-de-inversiones-por-32-billones-en-405-obras","status":"publish","type":"post","link":"https:\/\/laprimicianoticias.com\/index.php\/2026\/09\/01\/atlantico-consolida-historico-plan-de-inversiones-por-32-billones-en-405-obras\/","title":{"rendered":"Atl\u00e1ntico consolida hist\u00f3rico plan de inversiones por $3,2 billones en 405 obras"},"content":{"rendered":"\n<p class=\"wp-block-paragraph\">Durante 2025, la gesti\u00f3n del gobernador del Atl\u00e1ntico, Eduardo Verano, se consolid\u00f3 como un referente de inversi\u00f3n p\u00fablica y transformaci\u00f3n social en el Caribe colombiano, lo cual se refleja en obras, servicios y oportunidades que avanzan en todo el territorio.<\/p>\n\n\n\n<p class=\"wp-block-paragraph\">Ese fue uno de los principales mensajes del gobernador Eduardo Verano durante la audiencia p\u00fablica de rendici\u00f3n de cuentas de la vigencia 2025, en la que present\u00f3 los resultados de una Administraci\u00f3n que alcanz\u00f3 un cumplimiento del 80,37 % de su Plan de Desarrollo \u201cAtl\u00e1ntico para el Mundo\u201d.<\/p>\n\n\n\n<p class=\"wp-block-paragraph\">Al cierre de 2025, el departamento alcanz\u00f3 un avance acumulado del 50,31 % en el cumplimiento de las metas previstas para el cuatrienio, con 551 metas, 430 productos y 121 resultados distribuidos en 20 temas y cuatro ejes estrat\u00e9gicos.<\/p>\n\n\n\n<p class=\"wp-block-paragraph\">Aunque los ejes se centran en infraestructura vial, suministro de agua potable y saneamiento b\u00e1sico, vivienda social, educaci\u00f3n, salud y seguridad, tambi\u00e9n fueron expuestos avances importantes en el manejo financiero, programas sociales y turismo, entre otros sectores. La inversi\u00f3n global supera los $3,2 billones y los recursos han hecho posible la ejecuci\u00f3n de 405 obras planificadas.<\/p>\n\n\n\n<figure class=\"wp-block-image size-large\"><img loading=\"lazy\" decoding=\"async\" width=\"1024\" height=\"683\" src=\"https:\/\/laprimicianoticias.com\/wp-content\/uploads\/2026\/09\/1002872183-1024x683.jpg\" alt=\"\" class=\"wp-image-10250\" srcset=\"https:\/\/laprimicianoticias.com\/wp-content\/uploads\/2026\/09\/1002872183-1024x683-1.jpg 1024w, https:\/\/laprimicianoticias.com\/wp-content\/uploads\/2026\/09\/1002872183-300x200.jpg 300w, https:\/\/laprimicianoticias.com\/wp-content\/uploads\/2026\/09\/1002872183-767x512.jpg 767w, https:\/\/laprimicianoticias.com\/wp-content\/uploads\/2026\/09\/1002872183.jpg 1124w\" sizes=\"auto, (max-width: 1024px) 100vw, 1024px\" \/><\/figure>\n\n\n\n<p class=\"wp-block-paragraph\">Sumado a todo lo alcanzado bajo esta Administraci\u00f3n, el gobernador del Atl\u00e1ntico, Eduardo Verano, celebr\u00f3 que, por quinto a\u00f1o consecutivo, el departamento lograra mantenerse con la m\u00e1xima calificaci\u00f3n AAA, lo que demuestra la solidez financiera del ente territorial, hecho que se evidencia en la reducci\u00f3n hist\u00f3rica de m\u00e1s de 12 puntos porcentuales en el indicador de pobreza multidimensional, al pasar del 21,1 % al 8,2 %.<\/p>\n\n\n\n<p class=\"wp-block-paragraph\">\u201cEsta calificaci\u00f3n de la firma Fitch Ratings demuestra la solidez financiera y la excelencia institucional que, con disciplina fiscal y manejo responsable de las finanzas p\u00fablicas, respaldamos la inversi\u00f3n y la transformaci\u00f3n del Atl\u00e1ntico\u201d, ratific\u00f3.<\/p>\n\n\n\n<p class=\"wp-block-paragraph\">INFRAESTRUCTURA PARA CONECTAR EL TERRITORIO<\/p>\n\n\n\n<p class=\"wp-block-paragraph\">Uno de los principales componentes de la gesti\u00f3n es el plan general de infraestructura, que contempla $3,2 billones para 405 obras estrat\u00e9gicas en el territorio.<\/p>\n\n\n\n<p class=\"wp-block-paragraph\">De este paquete hacen parte 29 proyectos de corredores viales y dobles calzadas, con una inversi\u00f3n de $793.378 millones; 48 proyectos de agua potable y saneamiento b\u00e1sico, por $634.327 millones, y 36 obras de parques, plazas y escenarios deportivos, por $335.397 millones, entre otras intervenciones.<\/p>\n\n\n\n<p class=\"wp-block-paragraph\">Verano explic\u00f3 que, en materia vial, el departamento cuenta con un plan de $813.000 millones, que incluye cinco obras terminadas, 18 frentes actualmente en ejecuci\u00f3n y otras 18 v\u00edas en proceso de estructuraci\u00f3n.<\/p>\n\n\n\n<p class=\"wp-block-paragraph\">\u201cDurante el periodo 2025-2026 intervinimos 115 kil\u00f3metros de v\u00edas con una inversi\u00f3n de $320.000 millones, mientras que con el Plan de Mantenimiento Vial logramos renovar 470 kil\u00f3metros, con una inversi\u00f3n de $101.656 millones\u201d, inform\u00f3 el gobernador.<\/p>\n\n\n\n<p class=\"wp-block-paragraph\">Entre las obras destacadas se encuentra la Circunvalar Sur de Baranoa, entregada en julio de 2025, as\u00ed como los corredores Internacional del Atl\u00e1ntico, en Juan Mina, y Log\u00edstico, que permitir\u00e1n mejorar la conexi\u00f3n de zonas industriales y de carga con diferentes corredores estrat\u00e9gicos del departamento.<\/p>\n\n\n\n<p class=\"wp-block-paragraph\">AGUA PARA M\u00c1S FAMILIAS Y SEGURIDAD H\u00cdDRICA PARA EL FUTURO<\/p>\n\n\n\n<p class=\"wp-block-paragraph\">Para Verano, el agua potable es una de las principales apuestas de la Administraci\u00f3n departamental. El Plan Departamental de Agua, reconocido por el Departamento Nacional de Planeaci\u00f3n como el de mejor desempe\u00f1o del pa\u00eds, contempla inversiones por $707.000 millones.<\/p>\n\n\n\n<p class=\"wp-block-paragraph\">Ocho proyectos ya fueron entregados y otros 25 se encuentran en ejecuci\u00f3n, con \u00e9nfasis en las zonas rurales y los corregimientos.<\/p>\n\n\n\n<p class=\"wp-block-paragraph\">Entre las grandes obras se encuentra el Acueducto Regional del Norte, con una inversi\u00f3n de $221.416 millones, que permitir\u00e1 optimizar el servicio para 1,6 millones de habitantes de ocho territorios y tendr\u00e1 una capacidad de 1.100 litros por segundo.<\/p>\n\n\n\n<p class=\"wp-block-paragraph\">A esto se suman proyectos como el Acueducto Rural de Sabanalarga, el Acueducto Costero y diferentes sistemas de almacenamiento y abastecimiento que ampl\u00edan y mejoran la prestaci\u00f3n del servicio.<\/p>\n\n\n\n<p class=\"wp-block-paragraph\">En saneamiento b\u00e1sico, la Gobernaci\u00f3n ejecuta $151.400 millones en 13 proyectos de alcantarillado y tratamiento de aguas residuales, con impacto directo en 93.800 personas.<\/p>\n\n\n\n<p class=\"wp-block-paragraph\">\u201cEl Atl\u00e1ntico fue calificado como el departamento n\u00famero uno del pa\u00eds en el \u00cdndice de Planes Departamentales de Agua, una medici\u00f3n que hace directamente Planeaci\u00f3n Nacional despu\u00e9s de analizar los 32 planes departamentales de agua del pa\u00eds. No solamente se mide cobertura, tambi\u00e9n se mide cumplimiento de los planes de aseguramiento, ambiental, gesti\u00f3n del riesgo e infraestructura. Toda una gesti\u00f3n integral en funci\u00f3n de llevarle el agua a la gente, a los barrios y a los pueblos m\u00e1s apartados\u201d, afirm\u00f3 el gobernador Eduardo Verano.<\/p>\n\n\n\n<p class=\"wp-block-paragraph\">VIVIENDA DIGNA Y M\u00c1S FAMILIAS CON SEGURIDAD JUR\u00cdDICA<\/p>\n\n\n\n<p class=\"wp-block-paragraph\">La pol\u00edtica de vivienda tambi\u00e9n muestra resultados concretos. A trav\u00e9s de Mi \u201cCasa Bacana\u201d, durante 2025 fueron asignados 2.400 mejoramientos de vivienda, mientras que en 2026 avanzan otros 1.000, con una inversi\u00f3n de $39.600 millones.<\/p>\n\n\n\n<p class=\"wp-block-paragraph\">El departamento tambi\u00e9n adelanta la entrega de 450 soluciones de vivienda nueva y gratuita, con una inversi\u00f3n de $157.000 millones, que beneficiar\u00e1n a cerca de 2.500 personas en Campo de la Cruz, Manat\u00ed, Pioj\u00f3, Suan y Usiacur\u00ed.<\/p>\n\n\n\n<p class=\"wp-block-paragraph\">Uno de los resultados m\u00e1s significativos est\u00e1 en la titulaci\u00f3n de predios: en 2025 fueron entregados 17.400 t\u00edtulos de propiedad, beneficiando a unas 87.000 personas y fortaleciendo la seguridad jur\u00eddica de sus hogares.<\/p>\n\n\n\n<p class=\"wp-block-paragraph\">Adicionalmente, $10.000 millones en subsidios permiten apoyar el cierre financiero de 782 hogares de Baranoa, Sabanagrande, Galapa, Malambo y Sabanalarga.<\/p>\n\n\n\n<p class=\"wp-block-paragraph\">La transformaci\u00f3n habitacional se complementa con conectividad. Mi Casa Bacana Digital lleva internet de 25 megas a 43.945 hogares de estratos 1 y 2, con una inversi\u00f3n de $37.000 millones y cobertura en 22 municipios.<\/p>\n\n\n\n<figure class=\"wp-block-image size-large\"><img loading=\"lazy\" decoding=\"async\" width=\"1024\" height=\"683\" src=\"https:\/\/laprimicianoticias.com\/wp-content\/uploads\/2026\/09\/1002872177-1024x683.jpg\" alt=\"\" class=\"wp-image-10251\" srcset=\"https:\/\/laprimicianoticias.com\/wp-content\/uploads\/2026\/09\/1002872177-1024x683-1.jpg 1024w, https:\/\/laprimicianoticias.com\/wp-content\/uploads\/2026\/09\/1002872177-300x200.jpg 300w, https:\/\/laprimicianoticias.com\/wp-content\/uploads\/2026\/09\/1002872177-767x512.jpg 767w, https:\/\/laprimicianoticias.com\/wp-content\/uploads\/2026\/09\/1002872177.jpg 1124w\" sizes=\"auto, (max-width: 1024px) 100vw, 1024px\" \/><\/figure>\n\n\n\n<p class=\"wp-block-paragraph\">M\u00c1S EDUCACI\u00d3N PARA ABRIR LAS PUERTAS DEL FUTURO<\/p>\n\n\n\n<p class=\"wp-block-paragraph\">La educaci\u00f3n superior ocupa un lugar central en esta transformaci\u00f3n. La apuesta por la Universidad del Atl\u00e1ntico avanza con la transformaci\u00f3n de su Sede Centro. La primera etapa contempla una inversi\u00f3n de $65.000 millones para intervenir el Edificio Santo Domingo y construir una nueva infraestructura administrativa, con capacidad para m\u00e1s de 2.000 estudiantes.<\/p>\n\n\n\n<p class=\"wp-block-paragraph\">La segunda etapa suma $60.857 millones para la construcci\u00f3n del Edificio de Posgrados y Servicios, con 14.400 metros cuadrados y capacidad para 2.300 estudiantes de especializaciones, maestr\u00edas y doctorados.<\/p>\n\n\n\n<p class=\"wp-block-paragraph\">A estas obras se agregan inversiones en el Coliseo Chelo de Castro, escenarios deportivos, infraestructura el\u00e9ctrica y seguridad de las sedes regionales de Sabanalarga y Suan.<\/p>\n\n\n\n<p class=\"wp-block-paragraph\">La apuesta es convertir a la Universidad del Atl\u00e1ntico en un nodo de conocimiento, investigaci\u00f3n e innovaci\u00f3n para el Caribe colombiano.<\/p>\n\n\n\n<p class=\"wp-block-paragraph\">Una de las intervenciones m\u00e1s significativas es la recuperaci\u00f3n integral de la emblem\u00e1tica Escuela de Bellas Artes, que, con una inversi\u00f3n de $40.972 millones, fue restaurada y puesta nuevamente al servicio de 1.650 estudiantes y creadores.<\/p>\n\n\n\n<p class=\"wp-block-paragraph\">En 2025, alrededor de 6.000 estudiantes de los municipios del Atl\u00e1ntico se beneficiaron con el programa \u201cJ\u00f3venes para el mundo\u201d, estrategia que busca llevar educaci\u00f3n superior t\u00e9cnica, tecnol\u00f3gica y profesional mediante sedes presenciales y virtuales que ofrecen cobertura, subsidios y matr\u00edculas accesibles.<\/p>\n\n\n\n<p class=\"wp-block-paragraph\">UNA RED DE SALUD M\u00c1S MODERNA Y CERCANA<\/p>\n\n\n\n<p class=\"wp-block-paragraph\">El fortalecimiento de la red hospitalaria es otro de los componentes centrales de la gesti\u00f3n. Durante el periodo se destinaron $41.609 millones a infraestructura y dotaci\u00f3n hospitalaria, con obras que acercan servicios especializados a las comunidades.<\/p>\n\n\n\n<p class=\"wp-block-paragraph\">Entre los proyectos se encuentran el nuevo Hospital de Puerto Colombia, con una inversi\u00f3n de $18.094 millones; la UCI CACE Pedi\u00e1trico, con $2.991 millones de recursos departamentales, y la ampliaci\u00f3n del Hospital de Repel\u00f3n, por $7.410 millones.<\/p>\n\n\n\n<p class=\"wp-block-paragraph\">A esta infraestructura se sum\u00f3 la entrega de 20 nuevas ambulancias, con una inversi\u00f3n de $6.106 millones, para fortalecer la atenci\u00f3n y el traslado de pacientes en diferentes municipios.<\/p>\n\n\n\n<p class=\"wp-block-paragraph\">La modernizaci\u00f3n tambi\u00e9n alcanza la capacidad tecnol\u00f3gica de las ESE, con $12.411 millones destinados a equipos biom\u00e9dicos, reposici\u00f3n y construcci\u00f3n hospitalaria. De manera paralela, la Gobernaci\u00f3n impulsa 29 proyectos para fortalecer las ESE municipales y avanzar en su sostenibilidad fiscal y financiera.<\/p>\n\n\n\n<p class=\"wp-block-paragraph\">En resumen, la gesti\u00f3n de Eduardo Verano durante 2025 se caracteriz\u00f3 por la integralidad y el impacto medible de sus proyectos. Cada inversi\u00f3n estuvo acompa\u00f1ada de indicadores claros, reducci\u00f3n de tiempos de viaje, ampliaci\u00f3n de coberturas, generaci\u00f3n de empleo y fortalecimiento de la seguridad jur\u00eddica.<\/p>\n\n\n\n<p class=\"wp-block-paragraph\">El Atl\u00e1ntico avanz\u00f3 hacia un modelo de desarrollo sostenible, con obras que no solo transforman el territorio, sino que tambi\u00e9n proyectan al departamento como un referente nacional en infraestructura, equidad social y competitividad econ\u00f3mica.<\/p>\n\n\n\n<p class=\"wp-block-paragraph\">V\u00eda Gobernaci\u00f3n del Atl\u00e1ntico<\/p>\n\n\n\n<p class=\"wp-block-paragraph\"><\/p>\n","protected":false},"excerpt":{"rendered":"<p>Durante 2025, la gesti\u00f3n del gobernador del Atl\u00e1ntico, Eduardo Verano, se consolid\u00f3 como un referente&#8230;<\/p>\n","protected":false},"author":1,"featured_media":10252,"comment_status":"open","ping_status":"open","sticky":false,"template":"","format":"standard","meta":{"_monsterinsights_skip_tracking":false,"footnotes":""},"categories":[32],"tags":[],"class_list":["post-10249","post","type-post","status-publish","format-standard","has-post-thumbnail","hentry","category-primicia"],"featured_image_urls":{"full":["https:\/\/laprimicianoticias.com\/wp-content\/uploads\/2026\/09\/IMG-20260901-WA0058-scaled.jpg",2560,1857,false],"thumbnail":["https:\/\/laprimicianoticias.com\/wp-content\/uploads\/2026\/09\/IMG-20260901-WA0058-150x150.jpg",150,150,true],"medium":["https:\/\/laprimicianoticias.com\/wp-content\/uploads\/2026\/09\/IMG-20260901-WA0058-300x218.jpg",300,218,true],"medium_large":["https:\/\/laprimicianoticias.com\/wp-content\/uploads\/2026\/09\/IMG-20260901-WA0058-768x557.jpg",640,464,true],"large":["https:\/\/laprimicianoticias.com\/wp-content\/uploads\/2026\/09\/IMG-20260901-WA0058-1024x743.jpg",640,464,true],"1536x1536":["https:\/\/laprimicianoticias.com\/wp-content\/uploads\/2026\/09\/IMG-20260901-WA0058-1536x1114.jpg",1536,1114,true],"2048x2048":["https:\/\/laprimicianoticias.com\/wp-content\/uploads\/2026\/09\/IMG-20260901-WA0058-2048x1485.jpg",2048,1485,true],"newsever-slider-full":["https:\/\/laprimicianoticias.com\/wp-content\/uploads\/2026\/09\/IMG-20260901-WA0058-1280x845.jpg",1280,845,true],"newsever-featured":["https:\/\/laprimicianoticias.com\/wp-content\/uploads\/2026\/09\/IMG-20260901-WA0058-1024x743.jpg",1024,743,true],"newsever-medium":["https:\/\/laprimicianoticias.com\/wp-content\/uploads\/2026\/09\/IMG-20260901-WA0058-720x475.jpg",720,475,true]},"author_info":{"info":["Noticias La Primicia"]},"category_info":"<a href=\"https:\/\/laprimicianoticias.com\/index.php\/category\/primicia\/\" rel=\"category tag\">Primicia<\/a>","tag_info":"Primicia","comment_count":"0","_links":{"self":[{"href":"https:\/\/laprimicianoticias.com\/index.php\/wp-json\/wp\/v2\/posts\/10249","targetHints":{"allow":["GET"]}}],"collection":[{"href":"https:\/\/laprimicianoticias.com\/index.php\/wp-json\/wp\/v2\/posts"}],"about":[{"href":"https:\/\/laprimicianoticias.com\/index.php\/wp-json\/wp\/v2\/types\/post"}],"author":[{"embeddable":true,"href":"https:\/\/laprimicianoticias.com\/index.php\/wp-json\/wp\/v2\/users\/1"}],"replies":[{"embeddable":true,"href":"https:\/\/laprimicianoticias.com\/index.php\/wp-json\/wp\/v2\/comments?post=10249"}],"version-history":[{"count":1,"href":"https:\/\/laprimicianoticias.com\/index.php\/wp-json\/wp\/v2\/posts\/10249\/revisions"}],"predecessor-version":[{"id":10253,"href":"https:\/\/laprimicianoticias.com\/index.php\/wp-json\/wp\/v2\/posts\/10249\/revisions\/10253"}],"wp:featuredmedia":[{"embeddable":true,"href":"https:\/\/laprimicianoticias.com\/index.php\/wp-json\/wp\/v2\/media\/10252"}],"wp:attachment":[{"href":"https:\/\/laprimicianoticias.com\/index.php\/wp-json\/wp\/v2\/media?parent=10249"}],"wp:term":[{"taxonomy":"category","embeddable":true,"href":"https:\/\/laprimicianoticias.com\/index.php\/wp-json\/wp\/v2\/categories?post=10249"},{"taxonomy":"post_tag","embeddable":true,"href":"https:\/\/laprimicianoticias.com\/index.php\/wp-json\/wp\/v2\/tags?post=10249"}],"curies":[{"name":"wp","href":"https:\/\/api.w.org\/{rel}","templated":true}]}}