{"id":10245,"date":"2026-08-31T16:24:13","date_gmt":"2026-08-31T16:24:13","guid":{"rendered":"https:\/\/laprimicianoticias.com\/?p=10245"},"modified":"2026-08-31T16:24:14","modified_gmt":"2026-08-31T16:24:14","slug":"cinco-municipios-del-atlantico-en-alertas-tempranas-por-enfrentamientos-de-bandas-criminales","status":"publish","type":"post","link":"https:\/\/laprimicianoticias.com\/index.php\/2026\/08\/31\/cinco-municipios-del-atlantico-en-alertas-tempranas-por-enfrentamientos-de-bandas-criminales\/","title":{"rendered":"Cinco municipios del Atl\u00e1ntico en alertas tempranas por enfrentamientos de bandas criminales"},"content":{"rendered":"\n<p class=\"wp-block-paragraph\">La Defensor\u00eda del Pueblo emiti\u00f3 la Alerta Temprana (AT) 019 de 2026 para los municipios de Luruaco, Repel\u00f3n, Sabanalarga, Baranoa y Polonuevo, en la subregi\u00f3n Centro del departamento del Atl\u00e1ntico, por la convergencia de estructuras armadas de car\u00e1cter nacional, regional y local que disputan el control de un corredor estrat\u00e9gico.<\/p>\n\n\n\n<p class=\"wp-block-paragraph\">El escenario de riesgo se debe principalmente a la disputa y coexistencia violenta entre el autodenominado EGC, grupos de crimen organizado regional como \u2018Los Coste\u00f1os\u2019 (Bloque Resistencia Caribe) y \u2018Los Pepes\u2019, as\u00ed como a la incidencia de \u2018Los Rastrojos Coste\u00f1os\u2019 y bandas delincuenciales tercerizadas.&nbsp;<\/p>\n\n\n\n<p class=\"wp-block-paragraph\">Esa subregi\u00f3n, punto clave para las rentas il\u00edcitas provenientes de la extorsi\u00f3n sistem\u00e1tica, el microtr\u00e1fico y el hurto de ganado, conecta el \u00c1rea Metropolitana de Barranquilla con el canal del Dique y los departamentos de Bol\u00edvar y Magdalena, lo que facilita la movilidad log\u00edstica de los grupos armados y las bandas delincuenciales.<\/p>\n\n\n\n<p class=\"wp-block-paragraph\"><strong>Homicidios, en aumento<\/strong><\/p>\n\n\n\n<p class=\"wp-block-paragraph\">La Defensor\u00eda alerta sobre la materializaci\u00f3n de graves consecuencias humanitarias en el territorio, pues la tasa de homicidios aument\u00f3 de forma significativa en Sabanalarga, pues, por cada 100.000 habitantes, pas\u00f3 de 9,23 asesinatos en 2023 a 31,55 en 2025; es decir, casi se cuadruplicaron.<\/p>\n\n\n\n<p class=\"wp-block-paragraph\">Para el caso de Baranoa, cuya tasa de 2,16 en 2023 pas\u00f3 a 24,88 en 2025, representa un incremento de m\u00e1s de 11 veces, en donde resulta relevante la ocurrencia de hechos violentos en zonas rurales, como en la trocha La Tomatera (v\u00eda Baranoa\u2013Polonuevo), y en la v\u00eda hacia el corregimiento Sibarco.<\/p>\n\n\n\n<p class=\"wp-block-paragraph\">Los homicidios contra mujeres en toda la subregi\u00f3n Centro del departamento se quintuplicaron entre 2023 y 2024, al pasar de 1 a 6 casos. Esto revela un patr\u00f3n de riesgo espec\u00edfico y diferenciado.<\/p>\n\n\n\n<p class=\"wp-block-paragraph\">Asimismo, la ruptura de una tregua entre \u2018Los Pepes\u2019 y \u2018Los Coste\u00f1os\u2019 a comienzos de este a\u00f1o reactiv\u00f3 las confrontaciones directas y retaliaciones armadas en sectores urbanos y rurales.<\/p>\n\n\n\n<p class=\"wp-block-paragraph\"><strong>Gobernanza armada<\/strong><\/p>\n\n\n\n<p class=\"wp-block-paragraph\">Los grupos armados ilegales est\u00e1n ejerciendo una fuerte gobernanza armada ilegal sobre la poblaci\u00f3n civil. Esto se manifiesta mediante la imposici\u00f3n de &#8220;fronteras invisibles&#8221;, restricciones a la movilidad y la distribuci\u00f3n de panfletos amenazantes que anuncian procesos de &#8220;exterminio social&#8221; contra personas estigmatizadas y migrantes.&nbsp;<\/p>\n\n\n\n<p class=\"wp-block-paragraph\">En zonas rurales se han reportado patrullajes de hombres armados y la exigencia de contribuciones forzadas de dinero y suministros bajo amenaza de asesinato.<\/p>\n\n\n\n<p class=\"wp-block-paragraph\"><strong>Grupos poblacionales en peligro<\/strong><\/p>\n\n\n\n<p class=\"wp-block-paragraph\">El riesgo es desproporcionado para la infancia, adolescencia y juventud, que son v\u00edctimas de reclutamiento, uso y utilizaci\u00f3n il\u00edcita a partir de los 12 a\u00f1os para labores de vigilancia, mensajer\u00eda criminal y explotaci\u00f3n sexual.&nbsp;<\/p>\n\n\n\n<p class=\"wp-block-paragraph\">Los grupos armados utilizan estrategias de &#8220;seducci\u00f3n material&#8221;, como la entrega de regalos y mercados, para captarlos ante la falta de oportunidades educativas y laborales.&nbsp;<\/p>\n\n\n\n<p class=\"wp-block-paragraph\">Las mujeres y la poblaci\u00f3n con orientaciones sexuales e identidades de g\u00e9nero no hegem\u00f3nicas (OSIGNH) tambi\u00e9n enfrentan violencias basadas en g\u00e9nero y prejuicio. Han sido utilizadas como ejemplos de castigo ejemplarizante y dominio territorial.<\/p>\n\n\n\n<p class=\"wp-block-paragraph\">Adicionalmente, se han identificado graves presiones contra liderazgos sociales, personas defensoras de derechos humanos, reclamantes de tierras y comunidades \u00e9tnicas.&nbsp;<\/p>\n\n\n\n<p class=\"wp-block-paragraph\">Integrantes de la Ruta del Cimarronaje (colectivo que agrupa a m\u00e1s de 200 organizaciones sociales, \u00e9tnicas, negras, afrocolombianas, raizales y palenqueras para defender sus derechos y construir memoria hist\u00f3rica) y de consejos comunitarios afro han sido objeto de hostigamientos y amenazas. El motivo, silenciar sus testimonios en procesos de verdad y reparaci\u00f3n ante la Jurisdicci\u00f3n Especial para la Paz (JEP).<\/p>\n\n\n\n<p class=\"wp-block-paragraph\">En Luruaco y Repel\u00f3n, donde la poblaci\u00f3n afrodescendiente supera el 70 %, la violencia amenaza la autonom\u00eda y pervivencia cultural de sus habitantes.<\/p>\n\n\n\n<p class=\"wp-block-paragraph\"><strong>Urgen medidas institucionales<\/strong><\/p>\n\n\n\n<p class=\"wp-block-paragraph\">Ante este panorama de riesgo, la Defensor\u00eda del Pueblo formul\u00f3 31 recomendaciones en su AT 019 de 2026 a autoridades nacionales y territoriales, como los ministerios del Interior y de Defensa, la Fiscal\u00eda General de la Naci\u00f3n, la Unidad para las V\u00edctimas, adem\u00e1s de otras, para que la vida e integridad de las y los habitantes de los cinco municipios atlanticenses sean salvaguardadas.<\/p>\n\n\n\n<p class=\"wp-block-paragraph\">La entidad las insta a activar con urgencia la Comisi\u00f3n Intersectorial para la Respuesta R\u00e1pida a las Alertas Tempranas (Ciprat), a fin de que pongan en marcha medidas de protecci\u00f3n efectiva, disuasi\u00f3n de la amenaza y acceso a la justicia con enfoques diferenciales de g\u00e9nero, \u00e9tnico y territorial.<\/p>\n\n\n\n<p class=\"wp-block-paragraph\">Las Alertas Tempranas de la entidad son preventivas, no predictivas, y su prop\u00f3sito es proteger la vida, libertad e integridad de las comunidades.<\/p>\n\n\n\n<p class=\"wp-block-paragraph\">Resumen de la alerta aqu\u00ed \/<a href=\"https:\/\/www.defensoria.gov.co\/documents\/20123\/4139952\/Resumen+AT+019-2026.pdf\" target=\"_blank\" rel=\"noopener\">https:\/\/www.defensoria.gov.co\/documents\/20123\/4139952\/Resumen+AT+019-2026.pdf<\/a><\/p>\n","protected":false},"excerpt":{"rendered":"<p>La Defensor\u00eda del Pueblo emiti\u00f3 la Alerta Temprana (AT) 019 de 2026 para los municipios&#8230;<\/p>\n","protected":false},"author":1,"featured_media":10246,"comment_status":"open","ping_status":"open","sticky":false,"template":"","format":"standard","meta":{"_monsterinsights_skip_tracking":false,"footnotes":""},"categories":[26],"tags":[],"class_list":["post-10245","post","type-post","status-publish","format-standard","has-post-thumbnail","hentry","category-regionales"],"featured_image_urls":{"full":["https:\/\/laprimicianoticias.com\/wp-content\/uploads\/2026\/08\/Defensora-del-Pueblo-Iris-Marin-Ortiz-LR.webp",1080,900,false],"thumbnail":["https:\/\/laprimicianoticias.com\/wp-content\/uploads\/2026\/08\/Defensora-del-Pueblo-Iris-Marin-Ortiz-LR-150x150.webp",150,150,true],"medium":["https:\/\/laprimicianoticias.com\/wp-content\/uploads\/2026\/08\/Defensora-del-Pueblo-Iris-Marin-Ortiz-LR-300x250.webp",300,250,true],"medium_large":["https:\/\/laprimicianoticias.com\/wp-content\/uploads\/2026\/08\/Defensora-del-Pueblo-Iris-Marin-Ortiz-LR-768x640.webp",640,533,true],"large":["https:\/\/laprimicianoticias.com\/wp-content\/uploads\/2026\/08\/Defensora-del-Pueblo-Iris-Marin-Ortiz-LR-1024x853.webp",640,533,true],"1536x1536":["https:\/\/laprimicianoticias.com\/wp-content\/uploads\/2026\/08\/Defensora-del-Pueblo-Iris-Marin-Ortiz-LR.webp",1080,900,false],"2048x2048":["https:\/\/laprimicianoticias.com\/wp-content\/uploads\/2026\/08\/Defensora-del-Pueblo-Iris-Marin-Ortiz-LR.webp",1080,900,false],"newsever-slider-full":["https:\/\/laprimicianoticias.com\/wp-content\/uploads\/2026\/08\/Defensora-del-Pueblo-Iris-Marin-Ortiz-LR-1080x845.webp",1080,845,true],"newsever-featured":["https:\/\/laprimicianoticias.com\/wp-content\/uploads\/2026\/08\/Defensora-del-Pueblo-Iris-Marin-Ortiz-LR-1024x853.webp",1024,853,true],"newsever-medium":["https:\/\/laprimicianoticias.com\/wp-content\/uploads\/2026\/08\/Defensora-del-Pueblo-Iris-Marin-Ortiz-LR-720x475.webp",720,475,true]},"author_info":{"info":["Noticias La Primicia"]},"category_info":"<a href=\"https:\/\/laprimicianoticias.com\/index.php\/category\/regionales\/\" rel=\"category tag\">Regionales<\/a>","tag_info":"Regionales","comment_count":"0","_links":{"self":[{"href":"https:\/\/laprimicianoticias.com\/index.php\/wp-json\/wp\/v2\/posts\/10245","targetHints":{"allow":["GET"]}}],"collection":[{"href":"https:\/\/laprimicianoticias.com\/index.php\/wp-json\/wp\/v2\/posts"}],"about":[{"href":"https:\/\/laprimicianoticias.com\/index.php\/wp-json\/wp\/v2\/types\/post"}],"author":[{"embeddable":true,"href":"https:\/\/laprimicianoticias.com\/index.php\/wp-json\/wp\/v2\/users\/1"}],"replies":[{"embeddable":true,"href":"https:\/\/laprimicianoticias.com\/index.php\/wp-json\/wp\/v2\/comments?post=10245"}],"version-history":[{"count":1,"href":"https:\/\/laprimicianoticias.com\/index.php\/wp-json\/wp\/v2\/posts\/10245\/revisions"}],"predecessor-version":[{"id":10247,"href":"https:\/\/laprimicianoticias.com\/index.php\/wp-json\/wp\/v2\/posts\/10245\/revisions\/10247"}],"wp:featuredmedia":[{"embeddable":true,"href":"https:\/\/laprimicianoticias.com\/index.php\/wp-json\/wp\/v2\/media\/10246"}],"wp:attachment":[{"href":"https:\/\/laprimicianoticias.com\/index.php\/wp-json\/wp\/v2\/media?parent=10245"}],"wp:term":[{"taxonomy":"category","embeddable":true,"href":"https:\/\/laprimicianoticias.com\/index.php\/wp-json\/wp\/v2\/categories?post=10245"},{"taxonomy":"post_tag","embeddable":true,"href":"https:\/\/laprimicianoticias.com\/index.php\/wp-json\/wp\/v2\/tags?post=10245"}],"curies":[{"name":"wp","href":"https:\/\/api.w.org\/{rel}","templated":true}]}}