{"id":10242,"date":"2026-08-30T14:51:14","date_gmt":"2026-08-30T14:51:14","guid":{"rendered":"https:\/\/laprimicianoticias.com\/?p=10242"},"modified":"2026-08-30T14:51:55","modified_gmt":"2026-08-30T14:51:55","slug":"de-la-espriella-ordena-en-todas-las-entidades-rigurosas-auditorias-forenses-a-informes-del-gobierno-anterior","status":"publish","type":"post","link":"https:\/\/laprimicianoticias.com\/index.php\/2026\/08\/30\/de-la-espriella-ordena-en-todas-las-entidades-rigurosas-auditorias-forenses-a-informes-del-gobierno-anterior\/","title":{"rendered":"De La Espriella ordena en todas las entidades rigurosas \u201cauditor\u00edas forenses\u201d a informes del gobierno anterior"},"content":{"rendered":"\n<p class=\"wp-block-paragraph\">Al t\u00e9rmino del consejo de ministros realizado este s\u00e1bado en la sede alterna de Gobierno en Barranquilla, el Presidente de la Rep\u00fablica, Abelardo De La Espriella, anunci\u00f3 la realizaci\u00f3n de auditor\u00edas forenses en todas las entidades, con el prop\u00f3sito de revisar y verificar los informes y actas de gesti\u00f3n recibidos del gobierno anterior.<\/p>\n\n\n\n<p class=\"wp-block-paragraph\">\u201cSe revisen y verifiquen los informes y actas de gesti\u00f3n recibidos\u201d, se\u00f1al\u00f3 el Mandatario, quien indic\u00f3 que este proceso permitir\u00e1 \u201cidentificar inconsistencias, faltantes, riesgos, posibles irregularidades y eventuales hechos de corrupci\u00f3n\u201d.<\/p>\n\n\n\n<p class=\"wp-block-paragraph\">En su intervenci\u00f3n a medios de comunicaci\u00f3n, el Jefe de Estado asegur\u00f3 que el gobierno anterior fue \u201cel gobierno de la corrupci\u00f3n, del robo, del latrocinio, de la ilegalidad\u201d y afirm\u00f3 que los resultados de las auditor\u00edas deber\u00e1n traducirse en acciones concretas.<\/p>\n\n\n\n<p class=\"wp-block-paragraph\">La coordinaci\u00f3n de este proceso estar\u00e1 a cargo del Vicepresidente de la Rep\u00fablica, Jos\u00e9 Manuel Restrepo; el secretario general de la Presidencia, Carlos R\u00edos Puerta; y la Secretar\u00eda de Transparencia.<\/p>\n\n\n\n<p class=\"wp-block-paragraph\">De acuerdo con el Presidente, las auditor\u00edas tendr\u00e1n como finalidad \u201cfortalecer las pruebas documentales y, cuando corresponda, ponerlas en conocimiento de los organismos de control y de las autoridades competentes\u201d. Adem\u00e1s, cada caso contar\u00e1 con seguimiento.<\/p>\n\n\n\n<p class=\"wp-block-paragraph\">\u201cQuiero saber qu\u00e9 pas\u00f3\u201d<\/p>\n\n\n\n<p class=\"wp-block-paragraph\">El Mandatario fue enf\u00e1tico en se\u00f1alar que los hallazgos no pueden terminar archivados o sin consecuencias.\u201cEn cada caso quiero saber qu\u00e9 pas\u00f3, cu\u00e1nto dinero est\u00e1 comprometido, qui\u00e9nes intervinieron y qu\u00e9 acciones deben adelantarse\u201d, manifest\u00f3.<\/p>\n\n\n\n<p class=\"wp-block-paragraph\">Sostuvo que el proceso hace parte del seguimiento al denominado Libro de la Verdad y de una estrategia destinada a establecer, con rigor, en qu\u00e9 condiciones fue recibida la Administraci\u00f3n P\u00fablica.<\/p>\n\n\n\n<p class=\"wp-block-paragraph\">\u201cSe conocer\u00e1 la verdad\u201d, afirm\u00f3, al explicar que las auditor\u00edas buscan determinar \u201cqu\u00e9 ocurri\u00f3 con los recursos y la gesti\u00f3n del Estado\u201d.<\/p>\n\n\n\n<p class=\"wp-block-paragraph\">Apoyo t\u00e9cnico de Medell\u00edn<\/p>\n\n\n\n<p class=\"wp-block-paragraph\">El Presidente tambi\u00e9n anunci\u00f3 que el proceso contar\u00e1 con el acompa\u00f1amiento t\u00e9cnico del equipo consultor del Distrito de Medell\u00edn, al que calific\u00f3 como especialista en la identificaci\u00f3n de posibles hechos de corrupci\u00f3n. \u201cPorque ellos s\u00ed que son especialistas encontrando corrupci\u00f3n. No en vano han tenido all\u00e1 en Medell\u00edn el alcalde m\u00e1s corrupto de todos los tiempos de Colombia, el se\u00f1or Quintero Calle. Entonces, le vamos a pedir a la Alcald\u00eda de Medell\u00edn que nos apoye en eso\u201d, manifest\u00f3.<\/p>\n\n\n\n<p class=\"wp-block-paragraph\">Denuncias fiscales, penales y disciplinarias<\/p>\n\n\n\n<p class=\"wp-block-paragraph\">El Jefe de Estado aclar\u00f3 que el objetivo no ser\u00e1 \u00fanicamente identificar hallazgos, sino adoptar las medidas correspondientes cuando existan elementos que as\u00ed lo ameriten.<\/p>\n\n\n\n<p class=\"wp-block-paragraph\">\u201cDonde encontremos irregularidades, actuaremos. Y donde existan elementos que indiquen hechos de corrupci\u00f3n (\u2026) vamos a denunciarlo fiscal, penal y disciplinariamente, sin ninguna consideraci\u00f3n y con la responsabilidad patri\u00f3tica que esto implica\u201d, afirm\u00f3.<\/p>\n\n\n\n<p class=\"wp-block-paragraph\">Finalmente, el Presidente De La Espriella asegur\u00f3 que su administraci\u00f3n no ocultar\u00e1 informaci\u00f3n y reiter\u00f3 su compromiso con la divulgaci\u00f3n de los resultados. \u201cNo le vamos a tapar nada a nadie. El pa\u00eds va a conocer la verdad, tiene que saber que este es un Gobierno que est\u00e1 hoy m\u00e1s que nunca firme por la patria\u201d, concluy\u00f3.<\/p>\n\n\n\n<p class=\"wp-block-paragraph\"><\/p>\n","protected":false},"excerpt":{"rendered":"<p>Al t\u00e9rmino del consejo de ministros realizado este s\u00e1bado en la sede alterna de Gobierno&#8230;<\/p>\n","protected":false},"author":1,"featured_media":10244,"comment_status":"open","ping_status":"open","sticky":false,"template":"","format":"standard","meta":{"_monsterinsights_skip_tracking":false,"footnotes":""},"categories":[27],"tags":[],"class_list":["post-10242","post","type-post","status-publish","format-standard","has-post-thumbnail","hentry","category-nacionales"],"featured_image_urls":{"full":["https:\/\/laprimicianoticias.com\/wp-content\/uploads\/2026\/08\/260829-02-Consejo-de-Ministros-Barranquilla-1280.jpg",1280,720,false],"thumbnail":["https:\/\/laprimicianoticias.com\/wp-content\/uploads\/2026\/08\/260829-02-Consejo-de-Ministros-Barranquilla-1280-150x150.jpg",150,150,true],"medium":["https:\/\/laprimicianoticias.com\/wp-content\/uploads\/2026\/08\/260829-02-Consejo-de-Ministros-Barranquilla-1280-300x169.jpg",300,169,true],"medium_large":["https:\/\/laprimicianoticias.com\/wp-content\/uploads\/2026\/08\/260829-02-Consejo-de-Ministros-Barranquilla-1280-768x432.jpg",640,360,true],"large":["https:\/\/laprimicianoticias.com\/wp-content\/uploads\/2026\/08\/260829-02-Consejo-de-Ministros-Barranquilla-1280-1024x576.jpg",640,360,true],"1536x1536":["https:\/\/laprimicianoticias.com\/wp-content\/uploads\/2026\/08\/260829-02-Consejo-de-Ministros-Barranquilla-1280.jpg",1280,720,false],"2048x2048":["https:\/\/laprimicianoticias.com\/wp-content\/uploads\/2026\/08\/260829-02-Consejo-de-Ministros-Barranquilla-1280.jpg",1280,720,false],"newsever-slider-full":["https:\/\/laprimicianoticias.com\/wp-content\/uploads\/2026\/08\/260829-02-Consejo-de-Ministros-Barranquilla-1280.jpg",1280,720,false],"newsever-featured":["https:\/\/laprimicianoticias.com\/wp-content\/uploads\/2026\/08\/260829-02-Consejo-de-Ministros-Barranquilla-1280-1024x576.jpg",1024,576,true],"newsever-medium":["https:\/\/laprimicianoticias.com\/wp-content\/uploads\/2026\/08\/260829-02-Consejo-de-Ministros-Barranquilla-1280-720x475.jpg",720,475,true]},"author_info":{"info":["Noticias La Primicia"]},"category_info":"<a href=\"https:\/\/laprimicianoticias.com\/index.php\/category\/nacionales\/\" rel=\"category tag\">Nacionales<\/a>","tag_info":"Nacionales","comment_count":"0","_links":{"self":[{"href":"https:\/\/laprimicianoticias.com\/index.php\/wp-json\/wp\/v2\/posts\/10242","targetHints":{"allow":["GET"]}}],"collection":[{"href":"https:\/\/laprimicianoticias.com\/index.php\/wp-json\/wp\/v2\/posts"}],"about":[{"href":"https:\/\/laprimicianoticias.com\/index.php\/wp-json\/wp\/v2\/types\/post"}],"author":[{"embeddable":true,"href":"https:\/\/laprimicianoticias.com\/index.php\/wp-json\/wp\/v2\/users\/1"}],"replies":[{"embeddable":true,"href":"https:\/\/laprimicianoticias.com\/index.php\/wp-json\/wp\/v2\/comments?post=10242"}],"version-history":[{"count":1,"href":"https:\/\/laprimicianoticias.com\/index.php\/wp-json\/wp\/v2\/posts\/10242\/revisions"}],"predecessor-version":[{"id":10243,"href":"https:\/\/laprimicianoticias.com\/index.php\/wp-json\/wp\/v2\/posts\/10242\/revisions\/10243"}],"wp:featuredmedia":[{"embeddable":true,"href":"https:\/\/laprimicianoticias.com\/index.php\/wp-json\/wp\/v2\/media\/10244"}],"wp:attachment":[{"href":"https:\/\/laprimicianoticias.com\/index.php\/wp-json\/wp\/v2\/media?parent=10242"}],"wp:term":[{"taxonomy":"category","embeddable":true,"href":"https:\/\/laprimicianoticias.com\/index.php\/wp-json\/wp\/v2\/categories?post=10242"},{"taxonomy":"post_tag","embeddable":true,"href":"https:\/\/laprimicianoticias.com\/index.php\/wp-json\/wp\/v2\/tags?post=10242"}],"curies":[{"name":"wp","href":"https:\/\/api.w.org\/{rel}","templated":true}]}}