{"id":10240,"date":"2026-08-30T14:23:30","date_gmt":"2026-08-30T14:23:30","guid":{"rendered":"https:\/\/laprimicianoticias.com\/?p=10240"},"modified":"2026-08-30T14:23:32","modified_gmt":"2026-08-30T14:23:32","slug":"130-toneladas-de-solidaridad","status":"publish","type":"post","link":"https:\/\/laprimicianoticias.com\/index.php\/2026\/08\/30\/130-toneladas-de-solidaridad\/","title":{"rendered":"130 toneladas de solidaridad"},"content":{"rendered":"\n<p class=\"wp-block-paragraph\">Por: Eduardo Verano de la Rosa <\/p>\n\n\n\n<p class=\"wp-block-paragraph\">Apenas abrimos la Galer\u00eda de la Plaza de la Paz como centro de acopio para apoyar a los damnificados por el terremoto, una ni\u00f1a de solo cinco a\u00f1os se acerc\u00f3 con una bolsa en la mano y me dijo: &#8220;Toma, esta es mi merienda de hoy para el Choc\u00f3&#8221;. En el brillo de sus ojos entend\u00ed que no est\u00e1bamos entregando simples suministros; est\u00e1bamos alimentando la esperanza y dando un buen ejemplo a esta nueva generaci\u00f3n.<\/p>\n\n\n\n<p class=\"wp-block-paragraph\">A partir de ese instante, el desfile de afectos fue interminable. Nos conmovi\u00f3 profundamente ver la llegada constante de familias humildes de nuestros barrios que, tras presenciar en televisi\u00f3n la tragedia del Choc\u00f3, ven\u00edan con el coraz\u00f3n en la mano a entregar alimentos, medicamentos y ropa. No daban lo que les sobraba; compart\u00edan lo poco que ten\u00edan con una generosidad conmovedora.<\/p>\n\n\n\n<p class=\"wp-block-paragraph\">Lleg\u00f3 una religiosa con alumnos de un colegio popular de Barranquilla cargando peque\u00f1os aportes; vinieron alba\u00f1iles directo de sus jornadas de trabajo. En fin, personas de todas las condiciones sociales demostraron que el coraz\u00f3n del Atl\u00e1ntico no solo late con efusividad, sino que se agiganta ante la adversidad. Cuando el dolor de un hermano llama a la puerta, nuestro pueblo no duda en abrir los brazos.<\/p>\n\n\n\n<p class=\"wp-block-paragraph\">Han sido d\u00edas ininterrumpidos de una verdadera fiesta de la solidaridad. Hab\u00eda pedido a trav\u00e9s de los medios de comunicaci\u00f3n que el Atl\u00e1ntico fuera generoso, recordando la mano extendida que recibimos de todo el pa\u00eds durante las graves inundaciones de 2010. Y la respuesta de nuestra gente super\u00f3 cualquier expectativa: nos demostraron que la gratitud es la memoria del coraz\u00f3n.<\/p>\n\n\n\n<p class=\"wp-block-paragraph\">Recibimos carpas, medicinas, enlatados e incluso alimento para animales, pues la ciudadan\u00eda comprendi\u00f3 que cada vida cuenta. Vivimos un verdadero desbordamiento de humanidad: 130 toneladas de amor fraterno, entre ropa, velas, plantas el\u00e9ctricas, l\u00e1mparas y v\u00edveres. Decenas de voluntarias se sumaron sin descanso para clasificar cada donaci\u00f3n destinada a las poblaciones chocoanas.<\/p>\n\n\n\n<p class=\"wp-block-paragraph\">Los artistas tambi\u00e9n alzaron su voz para amplificar esta cadena de favores. En un momento, con mi equipo de trabajo, decidimos levantar los controles de acceso para que la entrega fuera espont\u00e1nea y libre. La emoci\u00f3n era palpable; el alma de nuestra gente se conmueve profundamente ante la tragedia.<\/p>\n\n\n\n<p class=\"wp-block-paragraph\">Esta vez, en articulaci\u00f3n con la Federaci\u00f3n Nacional de Departamentos (FND), asumimos el compromiso de que el Atl\u00e1ntico apadrinar\u00eda al Choc\u00f3, mientras otras regiones abrazar\u00edan a la zona cafetera. Porque apadrinar no es solo enviar ayuda material: es decirle al Choc\u00f3 que no est\u00e1 solo, que su dolor es nuestro dolor y que nos levantaremos juntos.<\/p>\n\n\n\n<p class=\"wp-block-paragraph\">Afrontamos como comunidad los estragos de este terremoto que, seg\u00fan las estad\u00edsticas, ha sido uno de los m\u00e1s severos y devastadores para la vida cotidiana de nuestras familias colombianas. Hoy, el Choc\u00f3 cuenta con nuestra solidaridad incondicional.<\/p>\n\n\n\n<p class=\"wp-block-paragraph\">La solidaridad es la fuerza humana que nos mueve a actuar ante la adversidad. Es un acto colectivo de empat\u00eda que se rige por un principio noble y profundo: hoy por ti, ma\u00f1ana por m\u00ed.<\/p>\n\n\n\n<p class=\"wp-block-paragraph\">El Atl\u00e1ntico respondi\u00f3 con creces porque aprendi\u00f3 que la verdadera grandeza de un pueblo no se mide por sus riquezas, sino por la capacidad de abrazar a quien m\u00e1s lo necesita.<\/p>\n\n\n\n<p class=\"wp-block-paragraph\">Choc\u00f3, eres nuestro departamento hermano: ven y pasemos este trago amargo juntos; avancemos, porque el camino est\u00e1 trazado.<\/p>\n\n\n\n<p class=\"wp-block-paragraph\">\u00a1Gracias por compartir! \u00a1Sigamos apoyando!<\/p>\n\n\n\n<p class=\"wp-block-paragraph\"><\/p>\n","protected":false},"excerpt":{"rendered":"<p>Por: Eduardo Verano de la Rosa Apenas abrimos la Galer\u00eda de la Plaza de la&#8230;<\/p>\n","protected":false},"author":1,"featured_media":7430,"comment_status":"open","ping_status":"open","sticky":false,"template":"","format":"standard","meta":{"_monsterinsights_skip_tracking":false,"footnotes":""},"categories":[31],"tags":[],"class_list":["post-10240","post","type-post","status-publish","format-standard","has-post-thumbnail","hentry","category-opinion"],"featured_image_urls":{"full":["https:\/\/laprimicianoticias.com\/wp-content\/uploads\/2024\/02\/IMG-20240208-WA0008.jpg",570,426,false],"thumbnail":["https:\/\/laprimicianoticias.com\/wp-content\/uploads\/2024\/02\/IMG-20240208-WA0008-150x150.jpg",150,150,true],"medium":["https:\/\/laprimicianoticias.com\/wp-content\/uploads\/2024\/02\/IMG-20240208-WA0008-300x224.jpg",300,224,true],"medium_large":["https:\/\/laprimicianoticias.com\/wp-content\/uploads\/2024\/02\/IMG-20240208-WA0008.jpg",570,426,false],"large":["https:\/\/laprimicianoticias.com\/wp-content\/uploads\/2024\/02\/IMG-20240208-WA0008.jpg",570,426,false],"1536x1536":["https:\/\/laprimicianoticias.com\/wp-content\/uploads\/2024\/02\/IMG-20240208-WA0008.jpg",570,426,false],"2048x2048":["https:\/\/laprimicianoticias.com\/wp-content\/uploads\/2024\/02\/IMG-20240208-WA0008.jpg",570,426,false],"newsever-slider-full":["https:\/\/laprimicianoticias.com\/wp-content\/uploads\/2024\/02\/IMG-20240208-WA0008.jpg",570,426,false],"newsever-featured":["https:\/\/laprimicianoticias.com\/wp-content\/uploads\/2024\/02\/IMG-20240208-WA0008.jpg",570,426,false],"newsever-medium":["https:\/\/laprimicianoticias.com\/wp-content\/uploads\/2024\/02\/IMG-20240208-WA0008.jpg",570,426,false]},"author_info":{"info":["Noticias La Primicia"]},"category_info":"<a href=\"https:\/\/laprimicianoticias.com\/index.php\/category\/opinion\/\" rel=\"category tag\">Opini\u00f3n<\/a>","tag_info":"Opini\u00f3n","comment_count":"0","_links":{"self":[{"href":"https:\/\/laprimicianoticias.com\/index.php\/wp-json\/wp\/v2\/posts\/10240","targetHints":{"allow":["GET"]}}],"collection":[{"href":"https:\/\/laprimicianoticias.com\/index.php\/wp-json\/wp\/v2\/posts"}],"about":[{"href":"https:\/\/laprimicianoticias.com\/index.php\/wp-json\/wp\/v2\/types\/post"}],"author":[{"embeddable":true,"href":"https:\/\/laprimicianoticias.com\/index.php\/wp-json\/wp\/v2\/users\/1"}],"replies":[{"embeddable":true,"href":"https:\/\/laprimicianoticias.com\/index.php\/wp-json\/wp\/v2\/comments?post=10240"}],"version-history":[{"count":1,"href":"https:\/\/laprimicianoticias.com\/index.php\/wp-json\/wp\/v2\/posts\/10240\/revisions"}],"predecessor-version":[{"id":10241,"href":"https:\/\/laprimicianoticias.com\/index.php\/wp-json\/wp\/v2\/posts\/10240\/revisions\/10241"}],"wp:featuredmedia":[{"embeddable":true,"href":"https:\/\/laprimicianoticias.com\/index.php\/wp-json\/wp\/v2\/media\/7430"}],"wp:attachment":[{"href":"https:\/\/laprimicianoticias.com\/index.php\/wp-json\/wp\/v2\/media?parent=10240"}],"wp:term":[{"taxonomy":"category","embeddable":true,"href":"https:\/\/laprimicianoticias.com\/index.php\/wp-json\/wp\/v2\/categories?post=10240"},{"taxonomy":"post_tag","embeddable":true,"href":"https:\/\/laprimicianoticias.com\/index.php\/wp-json\/wp\/v2\/tags?post=10240"}],"curies":[{"name":"wp","href":"https:\/\/api.w.org\/{rel}","templated":true}]}}